{"id":303,"date":"2020-04-27T17:13:17","date_gmt":"2020-04-27T20:13:17","guid":{"rendered":"https:\/\/www.bovenau.com.br\/blog\/?p=303"},"modified":"2020-04-27T17:25:57","modified_gmt":"2020-04-27T20:25:57","slug":"oficina-mecanica-coronavirus","status":"publish","type":"post","link":"https:\/\/www.bovenau.com.br\/blog\/oficina-mecanica-coronavirus\/","title":{"rendered":"Oficina mec\u00e2nica e a pandemia do Coronav\u00edrus"},"content":{"rendered":"<p>Oficina mec\u00e2nica e a pandemia do Coronav\u00edrus. 2020 mal come\u00e7ou e j\u00e1 estamos enfrentando uma pandemia mundial. O Coronav\u00edrus atinge todos os cantos do Brasil e do mundo, e isto afeta diretamente os neg\u00f3cios de milhares de empreendedores. A maioria das oficinas mec\u00e2nicas j\u00e1 est\u00e3o de portas abertas novamente, por\u00e9m, \u00e9 necess\u00e1rio saber que diversos cuidados devem ser tomados para evitar a dissemina\u00e7\u00e3o do v\u00edrus.<\/p>\n<p>Cuidados higi\u00eanicos, atendimento ao cliente e diretos trabalhistas. Voc\u00ea, dono de oficina mec\u00e2nica, est\u00e1 atento a tudo isso? Acompanhe a leitura, que est\u00e1 cheia de informa\u00e7\u00f5es importantes para voc\u00ea!<\/p>\n<p>&nbsp;<\/p>\n<h2><strong>Preze pela seguran\u00e7a de seus clientes e colaboradores<\/strong><\/h2>\n<p>&nbsp;<\/p>\n<p>Minha oficina mec\u00e2nica est\u00e1 aberta, como trabalhar com seguran\u00e7a? Sabemos que ter mantido as portas fechadas por alguns dias foi assustador para voc\u00ea e te trouxe diversas preocupa\u00e7\u00f5es relacionadas \u00e0s finan\u00e7as do seu neg\u00f3cio.<\/p>\n<p>Agora que voc\u00ea tem permiss\u00e3o para mant\u00ea-la de portas abertas, \u00e9 importante ter consci\u00eancia de todos os cuidados que voc\u00ea tem obriga\u00e7\u00e3o em tomar, para garantir a seguran\u00e7a das pessoas que transitarem pela sua oficina, sejam clientes ou colaboradores.<\/p>\n<p>Segundo o <a href=\"https:\/\/saude.gov.br\/\" target=\"_blank\" rel=\"noopener noreferrer\">Minist\u00e9rio da Sa\u00fade<\/a> as medidas essenciais para prevenir o cont\u00e1gio s\u00e3o:<\/p>\n<p>&nbsp;<\/p>\n<h2><strong>Manter as m\u00e3os higienizadas com \u00e1lcool gel ou \u00e1gua e sab\u00e3o constantemente;<\/strong><\/h2>\n<p>&nbsp;<\/p>\n<p>\u00c9 importante instruir seus colaboradores a manterem as m\u00e3os sempre limpas com \u00e1gua e sab\u00e3o ou \u00e1lcool gel. \u00c9 comprovado que o v\u00edrus \u00e9 eliminado a partir da correta limpeza das m\u00e3os, portanto, \u00e9 v\u00e1lido distribuir recipientes com \u00e1lcool gel em diversos pontos da oficina mec\u00e2nica, assim, o uso dele se tornar\u00e1 um h\u00e1bito entre a equipe.<\/p>\n<p>N\u00e3o esque\u00e7a de disponibilizar \u00e1lcool gel tamb\u00e9m na recep\u00e7\u00e3o\/entrada da sua oficina, para que seus clientes possam utiliz\u00e1-lo tamb\u00e9m.<\/p>\n<p>&nbsp;<\/p>\n<h2><strong>Disponibilize m\u00e1scaras para sua equipe;<\/strong><\/h2>\n<p>&nbsp;<\/p>\n<p>Na maioria dos estados, uma das condi\u00e7\u00f5es para a permiss\u00e3o do funcionamento dos estabelecimentos comerciais e prestadoras de servi\u00e7os, \u00e9 o uso de m\u00e1scaras entre os colaboradores e as pessoas que ir\u00e3o entrar nos locais.<\/p>\n<p>Disponibilize e cobre de sua equipe o uso das m\u00e1scaras. Elas s\u00e3o um importante item de seguran\u00e7a para evitar a dissemina\u00e7\u00e3o do v\u00edrus. \u00c9 v\u00e1lido tamb\u00e9m colocar em local vis\u00edvel na entrada de seu estabelecimento, um pedido para que seus clientes entrem na sua oficina fazendo uso de m\u00e1scara.<\/p>\n<p>Cobrar medidas de seguran\u00e7a e instruir as pessoas \u00e9 um ponto positivo para o seu neg\u00f3cio. Afinal, seus clientes ver\u00e3o que voc\u00ea \u00e9 consciente e se preocupa com a sa\u00fade deles e de seus colaboradores.<\/p>\n<p>&nbsp;<\/p>\n<h2><strong>Evite o compartilhamento de ferramentas entre a equipe;<\/strong><\/h2>\n<p>&nbsp;<\/p>\n<p>Se poss\u00edvel, organize kits com as ferramentas principais mais utilizadas no dia a dia, para cada funcion\u00e1rio. Para as ferramentas ou equipamentos utilizados por todos, tome cuidado com a higieniza\u00e7\u00e3o dos mesmos.<\/p>\n<p>&nbsp;<\/p>\n<h2><strong>Mantenha distanciamento seguro entre pessoas em sua oficina mec\u00e2nica;<\/strong><\/h2>\n<p>&nbsp;<\/p>\n<p>Isto vale para colaboradores e clientes. No ambiente de trabalho, instrua seus funcion\u00e1rios a manterem dist\u00e2ncia de pelo menos 1 metro entre eles.<\/p>\n<p>Se a recep\u00e7\u00e3o da sua oficina mec\u00e2nica costuma ter aglomero de pessoas, mesmo que seja pequeno, \u00e9 v\u00e1lido voc\u00ea demarcar no piso o espa\u00e7o entre elas ou expor um aviso sobre o distanciamento m\u00ednimo.<\/p>\n<p>&nbsp;<\/p>\n<h2><strong>Mantenha os ambientes da oficina mec\u00e2nica ventilados;<\/strong><\/h2>\n<p>&nbsp;<\/p>\n<p>Esta \u00e9 uma das recomenda\u00e7\u00f5es mais importantes. Mantenha sua oficina mec\u00e2nica com as portas e janelas abertas. A ventila\u00e7\u00e3o dos ambientes ajuda a evitar a dissemina\u00e7\u00e3o do v\u00edrus.<\/p>\n<p>Tomando todas estas medidas internas, voc\u00ea se mostrar\u00e1 um empreendedor consciente e respons\u00e1vel em rela\u00e7\u00e3o a pandemia.<\/p>\n<p>&nbsp;<\/p>\n<p><a href=\"https:\/\/conteudo.bovenau.com.br\/catalogo-bovenau?fbclid=IwAR0usxg5qLB0bS3heds4ioPBj5Dky7rYnsiKUks8yVXW9CdrtKdc0jGoBF4\" target=\"_blank\" rel=\"noopener noreferrer\"><img fetchpriority=\"high\" fetchpriority=\"high\" decoding=\"async\" class=\"alignnone wp-image-298\" src=\"https:\/\/www.bovenau.com.br\/blog\/wp-content\/uploads\/2020\/04\/barra-blog2-300x42.jpg\" alt=\"Oficina mec\u00e2nica\" width=\"737\" height=\"103\" \/><\/a><\/p>\n<h2><\/h2>\n<h2><strong>Cuidados com o carro do cliente<\/strong><\/h2>\n<p>&nbsp;<\/p>\n<p>Outro fator muito importante de sua responsabilidade quanto oficina mec\u00e2nica, \u00e9 o ve\u00edculo do seu cliente, que por alguns dias ou horas estar\u00e1 sob seus cuidados.<\/p>\n<p>Antes de entrega-lo ao cliente, higienize com \u00e1gua e sab\u00e3o neutro ou \u00e1lcool gel 70% o volante, c\u00e2mbio, bancos, painel, bot\u00f5es dos sistemas el\u00e9tricos, ma\u00e7anetas, painel multim\u00eddia, etc. Garanta que todos os locais do ve\u00edculo que foram tocados sejam higienizados e reforce com seu cliente todos os cuidados que foram tomados.<\/p>\n<p>&nbsp;<\/p>\n<h2><strong>Direitos trabalhistas: como devo agir com meus colaboradores?<\/strong><\/h2>\n<p>&nbsp;<\/p>\n<p>Sabemos tamb\u00e9m que uma de suas maiores preocupa\u00e7\u00f5es se refere a seus colaboradores.<\/p>\n<p>A <a href=\"http:\/\/www.planalto.gov.br\/ccivil_03\/_ato2019-2022\/2020\/Mpv\/mpv927.htm\" target=\"_blank\" rel=\"noopener noreferrer\">Medida Provis\u00f3ria 927\/2020<\/a> publicada no dia 22 de mar\u00e7o, trouxe uma s\u00e9rie de medidas trabalhistas excepcionais e transit\u00f3rias que poder\u00e3o ser usadas pelos empregadores durante o enfrentamento da pandemia e incentiva os empres\u00e1rios a manterem os contratos com seus empregados, de modo a diminuir os custos suportados pelas empresas.<\/p>\n<p>Apesar da consequente diminui\u00e7\u00e3o do fluxo de caixa, existem algumas op\u00e7\u00f5es para serem aplicadas com os funcion\u00e1rios, a fim de evitar ao m\u00e1ximo a demiss\u00e3o. Vamos falar de algumas que podem ajudar voc\u00ea:<\/p>\n<p>&nbsp;<\/p>\n<h2><strong>Banco de horas na oficina mec\u00e2nica<\/strong><\/h2>\n<p>&nbsp;<\/p>\n<p>Nessa modalidade ao conceder a licen\u00e7a ao colaborador e registrar as horas de dispensa, \u00e9 poss\u00edvel acordar a compensa\u00e7\u00e3o posterior em forma de horas-extras que ser\u00e3o pagas no retorno normal ao trabalho.<\/p>\n<p>Nessa situa\u00e7\u00e3o seu colaborador deixa de trabalhar por um per\u00edodo espec\u00edfico, mas ainda recebe a remunera\u00e7\u00e3o pois as faltas s\u00e3o justificadas, e as horas compensadas futuramente, o que vai de acordo com a MP\/927.<\/p>\n<p>Por\u00e9m, \u00e9 v\u00e1lido lembrar que essa compensa\u00e7\u00e3o deve respeitar as regras do <a href=\"https:\/\/www.jusbrasil.com.br\/busca?q=Art.+61%2C+%C2%A7+3+Consolida%C3%A7%C3%A3o+das+Leis+do+Trabalho+-+Decreto+Lei+5452%2F43\" target=\"_blank\" rel=\"noopener noreferrer\">art. 61, \u00a7 3\u00ba da CLT<\/a>, onde o colaborador s\u00f3 poder\u00e1 compensar o m\u00e1ximo de 2 horas por dia para o pagamento do banco de horas da licen\u00e7a. O \u00fanico desconto realizado ser\u00e1 o vale transporte e vale alimenta\u00e7\u00e3o.<\/p>\n<p>&nbsp;<\/p>\n<h2><strong>Antecipa\u00e7\u00e3o de f\u00e9rias<\/strong><\/h2>\n<p>&nbsp;<\/p>\n<p>Antecipar f\u00e9rias tamb\u00e9m se tornou uma alternativa e est\u00e1 sendo adotada por diversos empregadores. Durante o estado de calamidade p\u00fablica o empregador informar\u00e1 ao empregado sobre a antecipa\u00e7\u00e3o de f\u00e9rias, respeitando o m\u00ednimo de 48 horas de anteced\u00eancia com a indica\u00e7\u00e3o do per\u00edodo a ser utilizado pelo colaborador.<\/p>\n<p>A necessidade do adicional de \u2153 de f\u00e9rias passa a ter um prazo estendido at\u00e9 a data limite de pagamento do 13\u00ba sal\u00e1rio. Para saber como agir nessas modalidades, consulte o seu Contador.<\/p>\n<p>&nbsp;<\/p>\n<h2><strong>Prorroga\u00e7\u00e3o do Pagamento de Tributos no Simples Nacional<\/strong><\/h2>\n<p>&nbsp;<\/p>\n<p>Se a sua oficina mec\u00e2nica se enquadra no regime de tributa\u00e7\u00e3o chamado de Simples Nacional, preste aten\u00e7\u00e3o nesta informa\u00e7\u00e3o:<\/p>\n<p>Segundo o <a href=\"https:\/\/www.sebrae.com.br\/sites\/PortalSebrae\" target=\"_blank\" rel=\"noopener noreferrer\">Sebrae<\/a>, o pagamento dos tributos federais do Simples Nacional foi prorrogado. Dessa forma, o acerto referente aos meses de mar\u00e7o, abril e maio deste ano ficou postergado para outubro, novembro e dezembro, respectivamente.<\/p>\n<p>Informe-se com seu contador a respeito das novas diretrizes sobre a cobran\u00e7a desses tributos.<\/p>\n<p>Gostou das informa\u00e7\u00f5es? Esperamos que elas ajudem voc\u00ea.<\/p>\n<p>Acesse nosso conte\u00fado anterior e confira nossas <a href=\"https:\/\/www.bovenau.com.br\/blog\/oficina-crise-economica\/\" target=\"_blank\" rel=\"noopener noreferrer\">dicas para sua oficina enfrentar a crise econ\u00f4mica.<\/a><\/p>\n<p><a href=\"http:\/\/www.bovenau.com.br\/\" target=\"_blank\" rel=\"noopener noreferrer\"><img decoding=\"async\" class=\"alignnone wp-image-297\" src=\"https:\/\/www.bovenau.com.br\/blog\/wp-content\/uploads\/2020\/04\/barra-blog-300x42.jpg\" alt=\"Oficina mec\u00e2nica\" width=\"743\" height=\"104\" \/><\/a><\/p>\n","protected":false},"excerpt":{"rendered":"<p>Oficina mec\u00e2nica e a pandemia do Coronav\u00edrus. 2020 mal come\u00e7ou e j\u00e1 estamos enfrentando uma pandemia mundial. O Coronav\u00edrus atinge todos os cantos do Brasil e do mundo, e isto afeta diretamente os neg\u00f3cios de milhares de empreendedores. A maioria das oficinas mec\u00e2nicas j\u00e1 est\u00e3o de portas abertas novamente, por\u00e9m, \u00e9 necess\u00e1rio saber que diversos [&hellip;]<\/p>\n","protected":false},"author":1,"featured_media":306,"comment_status":"open","ping_status":"open","sticky":false,"template":"","format":"standard","meta":{"_et_pb_use_builder":"","_et_pb_old_content":"","_et_gb_content_width":"","footnotes":""},"categories":[1],"tags":[],"class_list":["post-303","post","type-post","status-publish","format-standard","has-post-thumbnail","hentry","category-uncategorized"],"yoast_head":"<title>Oficina mec\u00e2nica e a pandemia do Coronav\u00edrus - Bovenau<\/title>\n<meta name=\"description\" content=\"Voc\u00ea \u00e9 dono de oficina mec\u00e2nica e est\u00e1 preocupado com \u00e0 pandemia do Coronav\u00edrus frente ao seu neg\u00f3cio? Confira este conte\u00fado.\" \/>\n<meta name=\"robots\" content=\"index, follow, max-snippet:-1, max-image-preview:large, max-video-preview:-1\" \/>\n<link rel=\"canonical\" href=\"https:\/\/www.bovenau.com.br\/blog\/oficina-mecanica-coronavirus\/\" \/>\n<meta property=\"og:locale\" content=\"pt_BR\" \/>\n<meta property=\"og:type\" content=\"article\" \/>\n<meta property=\"og:title\" content=\"Oficina mec\u00e2nica e a pandemia do Coronav\u00edrus - Bovenau\" \/>\n<meta property=\"og:description\" content=\"Voc\u00ea \u00e9 dono de oficina mec\u00e2nica e est\u00e1 preocupado com \u00e0 pandemia do Coronav\u00edrus frente ao seu neg\u00f3cio? Confira este conte\u00fado.\" \/>\n<meta property=\"og:url\" content=\"https:\/\/www.bovenau.com.br\/blog\/oficina-mecanica-coronavirus\/\" \/>\n<meta property=\"og:site_name\" content=\"Bovenau\" \/>\n<meta property=\"article:publisher\" content=\"https:\/\/www.facebook.com\/MetalTecnicaBovenau\/\" \/>\n<meta property=\"article:published_time\" content=\"2020-04-27T20:13:17+00:00\" \/>\n<meta property=\"article:modified_time\" content=\"2020-04-27T20:25:57+00:00\" \/>\n<meta property=\"og:image\" content=\"https:\/\/www.bovenau.com.br\/blog\/wp-content\/uploads\/2020\/04\/blog-1.png\" \/>\n\t<meta property=\"og:image:width\" content=\"1080\" \/>\n\t<meta property=\"og:image:height\" content=\"630\" \/>\n\t<meta property=\"og:image:type\" content=\"image\/png\" \/>\n<meta name=\"author\" content=\"bovenau-blog\" \/>\n<meta name=\"twitter:card\" content=\"summary_large_image\" \/>\n<meta name=\"twitter:label1\" content=\"Escrito por\" \/>\n\t<meta name=\"twitter:data1\" content=\"bovenau-blog\" \/>\n\t<meta name=\"twitter:label2\" content=\"Est. tempo de leitura\" \/>\n\t<meta name=\"twitter:data2\" content=\"6 minutos\" \/>\n<script type=\"application\/ld+json\" class=\"yoast-schema-graph\">{\"@context\":\"https:\/\/schema.org\",\"@graph\":[{\"@type\":\"Article\",\"@id\":\"https:\/\/www.bovenau.com.br\/blog\/oficina-mecanica-coronavirus\/#article\",\"isPartOf\":{\"@id\":\"https:\/\/www.bovenau.com.br\/blog\/oficina-mecanica-coronavirus\/\"},\"author\":{\"name\":\"bovenau-blog\",\"@id\":\"https:\/\/www.bovenau.com.br\/blog\/#\/schema\/person\/29f92f329cc3cab61dda85bb23f79423\"},\"headline\":\"Oficina mec\u00e2nica e a pandemia do Coronav\u00edrus\",\"datePublished\":\"2020-04-27T20:13:17+00:00\",\"dateModified\":\"2020-04-27T20:25:57+00:00\",\"mainEntityOfPage\":{\"@id\":\"https:\/\/www.bovenau.com.br\/blog\/oficina-mecanica-coronavirus\/\"},\"wordCount\":1199,\"commentCount\":0,\"publisher\":{\"@id\":\"https:\/\/www.bovenau.com.br\/blog\/#organization\"},\"image\":{\"@id\":\"https:\/\/www.bovenau.com.br\/blog\/oficina-mecanica-coronavirus\/#primaryimage\"},\"thumbnailUrl\":\"https:\/\/www.bovenau.com.br\/blog\/wp-content\/uploads\/2020\/04\/blog-1.png\",\"articleSection\":[\"Uncategorized\"],\"inLanguage\":\"pt-BR\",\"potentialAction\":[{\"@type\":\"CommentAction\",\"name\":\"Comment\",\"target\":[\"https:\/\/www.bovenau.com.br\/blog\/oficina-mecanica-coronavirus\/#respond\"]}]},{\"@type\":\"WebPage\",\"@id\":\"https:\/\/www.bovenau.com.br\/blog\/oficina-mecanica-coronavirus\/\",\"url\":\"https:\/\/www.bovenau.com.br\/blog\/oficina-mecanica-coronavirus\/\",\"name\":\"Oficina mec\u00e2nica e a pandemia do Coronav\u00edrus - Bovenau\",\"isPartOf\":{\"@id\":\"https:\/\/www.bovenau.com.br\/blog\/#website\"},\"primaryImageOfPage\":{\"@id\":\"https:\/\/www.bovenau.com.br\/blog\/oficina-mecanica-coronavirus\/#primaryimage\"},\"image\":{\"@id\":\"https:\/\/www.bovenau.com.br\/blog\/oficina-mecanica-coronavirus\/#primaryimage\"},\"thumbnailUrl\":\"https:\/\/www.bovenau.com.br\/blog\/wp-content\/uploads\/2020\/04\/blog-1.png\",\"datePublished\":\"2020-04-27T20:13:17+00:00\",\"dateModified\":\"2020-04-27T20:25:57+00:00\",\"description\":\"Voc\u00ea \u00e9 dono de oficina mec\u00e2nica e est\u00e1 preocupado com \u00e0 pandemia do Coronav\u00edrus frente ao seu neg\u00f3cio? Confira este conte\u00fado.\",\"breadcrumb\":{\"@id\":\"https:\/\/www.bovenau.com.br\/blog\/oficina-mecanica-coronavirus\/#breadcrumb\"},\"inLanguage\":\"pt-BR\",\"potentialAction\":[{\"@type\":\"ReadAction\",\"target\":[\"https:\/\/www.bovenau.com.br\/blog\/oficina-mecanica-coronavirus\/\"]}]},{\"@type\":\"ImageObject\",\"inLanguage\":\"pt-BR\",\"@id\":\"https:\/\/www.bovenau.com.br\/blog\/oficina-mecanica-coronavirus\/#primaryimage\",\"url\":\"https:\/\/www.bovenau.com.br\/blog\/wp-content\/uploads\/2020\/04\/blog-1.png\",\"contentUrl\":\"https:\/\/www.bovenau.com.br\/blog\/wp-content\/uploads\/2020\/04\/blog-1.png\",\"width\":1080,\"height\":630,\"caption\":\"Oficina mec\u00e2nica\"},{\"@type\":\"BreadcrumbList\",\"@id\":\"https:\/\/www.bovenau.com.br\/blog\/oficina-mecanica-coronavirus\/#breadcrumb\",\"itemListElement\":[{\"@type\":\"ListItem\",\"position\":1,\"name\":\"In\u00edcio\",\"item\":\"https:\/\/www.bovenau.com.br\/blog\/\"},{\"@type\":\"ListItem\",\"position\":2,\"name\":\"Oficina mec\u00e2nica e a pandemia do Coronav\u00edrus\"}]},{\"@type\":\"WebSite\",\"@id\":\"https:\/\/www.bovenau.com.br\/blog\/#website\",\"url\":\"https:\/\/www.bovenau.com.br\/blog\/\",\"name\":\"Bovenau\",\"description\":\"Blog\",\"publisher\":{\"@id\":\"https:\/\/www.bovenau.com.br\/blog\/#organization\"},\"potentialAction\":[{\"@type\":\"SearchAction\",\"target\":{\"@type\":\"EntryPoint\",\"urlTemplate\":\"https:\/\/www.bovenau.com.br\/blog\/?s={search_term_string}\"},\"query-input\":{\"@type\":\"PropertyValueSpecification\",\"valueRequired\":true,\"valueName\":\"search_term_string\"}}],\"inLanguage\":\"pt-BR\"},{\"@type\":\"Organization\",\"@id\":\"https:\/\/www.bovenau.com.br\/blog\/#organization\",\"name\":\"Bovenau\",\"url\":\"https:\/\/www.bovenau.com.br\/blog\/\",\"logo\":{\"@type\":\"ImageObject\",\"inLanguage\":\"pt-BR\",\"@id\":\"https:\/\/www.bovenau.com.br\/blog\/#\/schema\/logo\/image\/\",\"url\":\"https:\/\/www.bovenau.com.br\/blog\/wp-content\/uploads\/2019\/04\/logo1.png\",\"contentUrl\":\"https:\/\/www.bovenau.com.br\/blog\/wp-content\/uploads\/2019\/04\/logo1.png\",\"width\":200,\"height\":62,\"caption\":\"Bovenau\"},\"image\":{\"@id\":\"https:\/\/www.bovenau.com.br\/blog\/#\/schema\/logo\/image\/\"},\"sameAs\":[\"https:\/\/www.facebook.com\/MetalTecnicaBovenau\/\"]},{\"@type\":\"Person\",\"@id\":\"https:\/\/www.bovenau.com.br\/blog\/#\/schema\/person\/29f92f329cc3cab61dda85bb23f79423\",\"name\":\"bovenau-blog\"}]}<\/script>","yoast_head_json":{"title":"Oficina mec\u00e2nica e a pandemia do Coronav\u00edrus - Bovenau","description":"Voc\u00ea \u00e9 dono de oficina mec\u00e2nica e est\u00e1 preocupado com \u00e0 pandemia do Coronav\u00edrus frente ao seu neg\u00f3cio? Confira este conte\u00fado.","robots":{"index":"index","follow":"follow","max-snippet":"max-snippet:-1","max-image-preview":"max-image-preview:large","max-video-preview":"max-video-preview:-1"},"canonical":"https:\/\/www.bovenau.com.br\/blog\/oficina-mecanica-coronavirus\/","og_locale":"pt_BR","og_type":"article","og_title":"Oficina mec\u00e2nica e a pandemia do Coronav\u00edrus - Bovenau","og_description":"Voc\u00ea \u00e9 dono de oficina mec\u00e2nica e est\u00e1 preocupado com \u00e0 pandemia do Coronav\u00edrus frente ao seu neg\u00f3cio? Confira este conte\u00fado.","og_url":"https:\/\/www.bovenau.com.br\/blog\/oficina-mecanica-coronavirus\/","og_site_name":"Bovenau","article_publisher":"https:\/\/www.facebook.com\/MetalTecnicaBovenau\/","article_published_time":"2020-04-27T20:13:17+00:00","article_modified_time":"2020-04-27T20:25:57+00:00","og_image":[{"width":1080,"height":630,"url":"https:\/\/www.bovenau.com.br\/blog\/wp-content\/uploads\/2020\/04\/blog-1.png","type":"image\/png"}],"author":"bovenau-blog","twitter_card":"summary_large_image","twitter_misc":{"Escrito por":"bovenau-blog","Est. tempo de leitura":"6 minutos"},"schema":{"@context":"https:\/\/schema.org","@graph":[{"@type":"Article","@id":"https:\/\/www.bovenau.com.br\/blog\/oficina-mecanica-coronavirus\/#article","isPartOf":{"@id":"https:\/\/www.bovenau.com.br\/blog\/oficina-mecanica-coronavirus\/"},"author":{"name":"bovenau-blog","@id":"https:\/\/www.bovenau.com.br\/blog\/#\/schema\/person\/29f92f329cc3cab61dda85bb23f79423"},"headline":"Oficina mec\u00e2nica e a pandemia do Coronav\u00edrus","datePublished":"2020-04-27T20:13:17+00:00","dateModified":"2020-04-27T20:25:57+00:00","mainEntityOfPage":{"@id":"https:\/\/www.bovenau.com.br\/blog\/oficina-mecanica-coronavirus\/"},"wordCount":1199,"commentCount":0,"publisher":{"@id":"https:\/\/www.bovenau.com.br\/blog\/#organization"},"image":{"@id":"https:\/\/www.bovenau.com.br\/blog\/oficina-mecanica-coronavirus\/#primaryimage"},"thumbnailUrl":"https:\/\/www.bovenau.com.br\/blog\/wp-content\/uploads\/2020\/04\/blog-1.png","articleSection":["Uncategorized"],"inLanguage":"pt-BR","potentialAction":[{"@type":"CommentAction","name":"Comment","target":["https:\/\/www.bovenau.com.br\/blog\/oficina-mecanica-coronavirus\/#respond"]}]},{"@type":"WebPage","@id":"https:\/\/www.bovenau.com.br\/blog\/oficina-mecanica-coronavirus\/","url":"https:\/\/www.bovenau.com.br\/blog\/oficina-mecanica-coronavirus\/","name":"Oficina mec\u00e2nica e a pandemia do Coronav\u00edrus - Bovenau","isPartOf":{"@id":"https:\/\/www.bovenau.com.br\/blog\/#website"},"primaryImageOfPage":{"@id":"https:\/\/www.bovenau.com.br\/blog\/oficina-mecanica-coronavirus\/#primaryimage"},"image":{"@id":"https:\/\/www.bovenau.com.br\/blog\/oficina-mecanica-coronavirus\/#primaryimage"},"thumbnailUrl":"https:\/\/www.bovenau.com.br\/blog\/wp-content\/uploads\/2020\/04\/blog-1.png","datePublished":"2020-04-27T20:13:17+00:00","dateModified":"2020-04-27T20:25:57+00:00","description":"Voc\u00ea \u00e9 dono de oficina mec\u00e2nica e est\u00e1 preocupado com \u00e0 pandemia do Coronav\u00edrus frente ao seu neg\u00f3cio? Confira este conte\u00fado.","breadcrumb":{"@id":"https:\/\/www.bovenau.com.br\/blog\/oficina-mecanica-coronavirus\/#breadcrumb"},"inLanguage":"pt-BR","potentialAction":[{"@type":"ReadAction","target":["https:\/\/www.bovenau.com.br\/blog\/oficina-mecanica-coronavirus\/"]}]},{"@type":"ImageObject","inLanguage":"pt-BR","@id":"https:\/\/www.bovenau.com.br\/blog\/oficina-mecanica-coronavirus\/#primaryimage","url":"https:\/\/www.bovenau.com.br\/blog\/wp-content\/uploads\/2020\/04\/blog-1.png","contentUrl":"https:\/\/www.bovenau.com.br\/blog\/wp-content\/uploads\/2020\/04\/blog-1.png","width":1080,"height":630,"caption":"Oficina mec\u00e2nica"},{"@type":"BreadcrumbList","@id":"https:\/\/www.bovenau.com.br\/blog\/oficina-mecanica-coronavirus\/#breadcrumb","itemListElement":[{"@type":"ListItem","position":1,"name":"In\u00edcio","item":"https:\/\/www.bovenau.com.br\/blog\/"},{"@type":"ListItem","position":2,"name":"Oficina mec\u00e2nica e a pandemia do Coronav\u00edrus"}]},{"@type":"WebSite","@id":"https:\/\/www.bovenau.com.br\/blog\/#website","url":"https:\/\/www.bovenau.com.br\/blog\/","name":"Bovenau","description":"Blog","publisher":{"@id":"https:\/\/www.bovenau.com.br\/blog\/#organization"},"potentialAction":[{"@type":"SearchAction","target":{"@type":"EntryPoint","urlTemplate":"https:\/\/www.bovenau.com.br\/blog\/?s={search_term_string}"},"query-input":{"@type":"PropertyValueSpecification","valueRequired":true,"valueName":"search_term_string"}}],"inLanguage":"pt-BR"},{"@type":"Organization","@id":"https:\/\/www.bovenau.com.br\/blog\/#organization","name":"Bovenau","url":"https:\/\/www.bovenau.com.br\/blog\/","logo":{"@type":"ImageObject","inLanguage":"pt-BR","@id":"https:\/\/www.bovenau.com.br\/blog\/#\/schema\/logo\/image\/","url":"https:\/\/www.bovenau.com.br\/blog\/wp-content\/uploads\/2019\/04\/logo1.png","contentUrl":"https:\/\/www.bovenau.com.br\/blog\/wp-content\/uploads\/2019\/04\/logo1.png","width":200,"height":62,"caption":"Bovenau"},"image":{"@id":"https:\/\/www.bovenau.com.br\/blog\/#\/schema\/logo\/image\/"},"sameAs":["https:\/\/www.facebook.com\/MetalTecnicaBovenau\/"]},{"@type":"Person","@id":"https:\/\/www.bovenau.com.br\/blog\/#\/schema\/person\/29f92f329cc3cab61dda85bb23f79423","name":"bovenau-blog"}]}},"_links":{"self":[{"href":"https:\/\/www.bovenau.com.br\/blog\/wp-json\/wp\/v2\/posts\/303","targetHints":{"allow":["GET"]}}],"collection":[{"href":"https:\/\/www.bovenau.com.br\/blog\/wp-json\/wp\/v2\/posts"}],"about":[{"href":"https:\/\/www.bovenau.com.br\/blog\/wp-json\/wp\/v2\/types\/post"}],"author":[{"embeddable":true,"href":"https:\/\/www.bovenau.com.br\/blog\/wp-json\/wp\/v2\/users\/1"}],"replies":[{"embeddable":true,"href":"https:\/\/www.bovenau.com.br\/blog\/wp-json\/wp\/v2\/comments?post=303"}],"version-history":[{"count":0,"href":"https:\/\/www.bovenau.com.br\/blog\/wp-json\/wp\/v2\/posts\/303\/revisions"}],"wp:featuredmedia":[{"embeddable":true,"href":"https:\/\/www.bovenau.com.br\/blog\/wp-json\/wp\/v2\/media\/306"}],"wp:attachment":[{"href":"https:\/\/www.bovenau.com.br\/blog\/wp-json\/wp\/v2\/media?parent=303"}],"wp:term":[{"taxonomy":"category","embeddable":true,"href":"https:\/\/www.bovenau.com.br\/blog\/wp-json\/wp\/v2\/categories?post=303"},{"taxonomy":"post_tag","embeddable":true,"href":"https:\/\/www.bovenau.com.br\/blog\/wp-json\/wp\/v2\/tags?post=303"}],"curies":[{"name":"wp","href":"https:\/\/api.w.org\/{rel}","templated":true}]}}