{"id":402,"date":"2020-11-23T13:56:11","date_gmt":"2020-11-23T16:56:11","guid":{"rendered":"https:\/\/www.bovenau.com.br\/blog\/?p=402"},"modified":"2020-11-24T13:53:22","modified_gmt":"2020-11-24T16:53:22","slug":"lancamento-linha-eletrica-bovenau","status":"publish","type":"post","link":"https:\/\/www.bovenau.com.br\/blog\/lancamento-linha-eletrica-bovenau\/","title":{"rendered":"Lan\u00e7amento: Linha el\u00e9trica Bovenau"},"content":{"rendered":"<p><span class=\"Apple-converted-space\">\u00a0Linha el\u00e9trica:\u00a0<\/span>A Bovenau est\u00e1 sempre inovando e buscando trazer novidades para tornar a vida do nosso consumidor final muito mais pr\u00e1tica e funcional.<span class=\"Apple-converted-space\">\u00a0<\/span><\/p>\n<p>Apesar de todos os desafios que 2020 nos trouxe, temos o prazer de apresentar nossa nova linha de produtos: a Linha El\u00e9trica Bovenau. Vamos conhecer?<span class=\"Apple-converted-space\">\u00a0<\/span><\/p>\n<h2><b>Empilhadeira el\u00e9trica Bovenau<span class=\"Apple-converted-space\">\u00a0<\/span><\/b><\/h2>\n<p>Gestores da \u00e1rea de armazenagem e log\u00edstica t\u00eam como principal objetivo maximizar o espa\u00e7o dos galp\u00f5es de armazenamento de mercadorias e dar agilidade na movimenta\u00e7\u00e3o das mesmas. Al\u00e9m disso, \u00e9 importante buscar sempre a redu\u00e7\u00e3o dos custos operacionais.<span class=\"Apple-converted-space\">\u00a0<\/span><\/p>\n<p><a href=\"https:\/\/conteudo.bovenau.com.br\/catalogo-bovenau?fbclid=IwAR0usxg5qLB0bS3heds4ioPBj5Dky7rYnsiKUks8yVXW9CdrtKdc0jGoBF4\"><img fetchpriority=\"high\" fetchpriority=\"high\" decoding=\"async\" class=\"alignnone wp-image-399 size-full\" src=\"https:\/\/www.bovenau.com.br\/blog\/wp-content\/uploads\/2020\/10\/barra-blog2-copia.jpg\" alt=\"\" width=\"723\" height=\"102\" srcset=\"https:\/\/www.bovenau.com.br\/blog\/wp-content\/uploads\/2020\/10\/barra-blog2-copia.jpg 723w, https:\/\/www.bovenau.com.br\/blog\/wp-content\/uploads\/2020\/10\/barra-blog2-copia-480x270.jpg 480w\" sizes=\"(min-width: 0px) and (max-width: 480px) 480px, (min-width: 481px) 723px, 100vw\" \/><\/a><\/p>\n<p>No entanto, muitas vezes, movimenta\u00e7\u00f5es complexas e cargas indevidamente armazenadas, podem causar preju\u00edzos \u00e0 empresa. Al\u00e9m disso, se faz necess\u00e1rio as vezes o armazenamento de cargas em grandes alturas.<span class=\"Apple-converted-space\">\u00a0<\/span><\/p>\n<p>Em situa\u00e7\u00f5es como esta, o uso da empilhadeira el\u00e9trica traz mais seguran\u00e7a rapidez e efici\u00eancia para mover cargas de cima para baixo e vice-versa, especialmente em espa\u00e7os apertados, seja em ambientes internos ou externos.<span class=\"Apple-converted-space\">\u00a0<\/span><\/p>\n<h2><b>Especifica\u00e7\u00f5es t\u00e9cnicas<span class=\"Apple-converted-space\">\u00a0<\/span><\/b><\/h2>\n<p>Nossa empilhadeira el\u00e9trica \u00e9 indicada para movimenta\u00e7\u00e3o de cargas acondicionadas em paletes.<span class=\"Apple-converted-space\">\u00a0<\/span><\/p>\n<p>Ela possui a tecnologia <i>Softstart, <\/i>que proporciona uma partida suave, sem trancos ou arranques r\u00e1pidos, trazendo maior seguran\u00e7a ao operador e menor risco de desequil\u00edbrio da carga, principalmente com cargas fr\u00e1geis.<span class=\"Apple-converted-space\">\u00a0<\/span><\/p>\n<p>Al\u00e9m disso, nossa empilhadeira el\u00e9trica possui:<span class=\"Apple-converted-space\">\u00a0<\/span><\/p>\n<ul>\n<li>\u2022 Motor de eleva\u00e7\u00e3o DC, que apresenta baixa manuten\u00e7\u00e3o e tim\u00e3o ergon\u00f4mico, proporcionando maior conforto ao operador e menor \u00edndice de manuten\u00e7\u00e3o do equipamento.<span class=\"Apple-converted-space\">\u00a0<\/span><\/li>\n<li>\u2022 Motor de tra\u00e7\u00e3o lateral, fazendo com que a roda de tra\u00e7\u00e3o sempre esteja em contato com o piso, mesmo que seja irregular.<span class=\"Apple-converted-space\">\u00a0<\/span><\/li>\n<li>\u2022 Sistema de rodas duplas no garfo, proporcionando maior estabilidade da carga em pisos irregulares, al\u00e9m de serem fabricadas em PU, conferindo maior durabilidade e menor ru\u00eddo.<span class=\"Apple-converted-space\">\u00a0<\/span><\/li>\n<li>\u2022 Dispositivo que bloqueia a eleva\u00e7\u00e3o quando a carga for maior do que a capacidade, oferecendo maior seguran\u00e7a ao operador e aumentando a vida \u00fatil do equipamento.<span class=\"Apple-converted-space\">\u00a0<\/span><\/li>\n<li>\u2022 Display multifuncional com hor\u00edmetro, chave de emerg\u00eancia, indicador de bateria, op\u00e7\u00e3o lento, bot\u00e3o de emerg\u00eancia antiesmagamento e buzina.<span class=\"Apple-converted-space\">\u00a0<\/span><\/li>\n<\/ul>\n<p><b><span class=\"Apple-converted-space\"><img decoding=\"async\" class=\"alignnone wp-image-404 size-full\" src=\"https:\/\/www.bovenau.com.br\/blog\/wp-content\/uploads\/2020\/11\/empilhadeira-eletrica-1080x474-1.png\" alt=\"Empilhadeira el\u00e9trica \" width=\"1080\" height=\"474\" srcset=\"https:\/\/www.bovenau.com.br\/blog\/wp-content\/uploads\/2020\/11\/empilhadeira-eletrica-1080x474-1.png 1080w, https:\/\/www.bovenau.com.br\/blog\/wp-content\/uploads\/2020\/11\/empilhadeira-eletrica-1080x474-1-480x270.png.jpg 480w\" sizes=\"(min-width: 0px) and (max-width: 480px) 480px, (min-width: 481px) 1080px, 100vw\" \/>\u00a0<\/span><\/b><\/p>\n<h2><b>Empilhadeira semi-el\u00e9trica Bovenau<span class=\"Apple-converted-space\">\u00a0<\/span><\/b><\/h2>\n<p>Nossa empilhadeira semi-el\u00e9trica tamb\u00e9m \u00e9 indicada para movimenta\u00e7\u00e3o de cargas acondicionadas em paletes, por\u00e9m sua diferen\u00e7a da empilhadeira el\u00e9trica, \u00e9 que ela possui eleva\u00e7\u00e3o el\u00e9trica e sua movimenta\u00e7\u00e3o\/tra\u00e7\u00e3o ocorre de forma manual, que proporciona maior rendimento no trabalho e menor fadiga ao operador.<span class=\"Apple-converted-space\">\u00a0<\/span><\/p>\n<p>Nossa empilhadeira semi-el\u00e9trica possui:<span class=\"Apple-converted-space\">\u00a0<\/span><\/p>\n<ul>\n<li>\u2022 Freio central de estacionamento acionado pelos p\u00e9s, pr\u00e1tico e seguro.<span class=\"Apple-converted-space\">\u00a0<\/span><\/li>\n<li>\u2022 Dire\u00e7\u00e3o controlada por corrente, conferindo maior facilidade no manuseio e principalmente diminuindo consideravelmente o raio de giro do equipamento.<span class=\"Apple-converted-space\">\u00a0<\/span><\/li>\n<li>\u2022 Grade de seguran\u00e7a com prote\u00e7\u00e3o de toda a frente da m\u00e1quina, evitando que qualquer objeto da carga possa cair e provocar acidentes.<span class=\"Apple-converted-space\">\u00a0<\/span><\/li>\n<\/ul>\n<p><b><span class=\"Apple-converted-space\"><img decoding=\"async\" class=\"alignnone wp-image-405 size-full\" src=\"https:\/\/www.bovenau.com.br\/blog\/wp-content\/uploads\/2020\/11\/empilhadeira-semi-eletrica-1080x474-1.png\" alt=\"Empilhadeira semi-el\u00e9trica\" width=\"1080\" height=\"474\" srcset=\"https:\/\/www.bovenau.com.br\/blog\/wp-content\/uploads\/2020\/11\/empilhadeira-semi-eletrica-1080x474-1.png 1080w, https:\/\/www.bovenau.com.br\/blog\/wp-content\/uploads\/2020\/11\/empilhadeira-semi-eletrica-1080x474-1-480x270.png.jpg 480w\" sizes=\"(min-width: 0px) and (max-width: 480px) 480px, (min-width: 481px) 1080px, 100vw\" \/>\u00a0<\/span><\/b><\/p>\n<h2><b>Transpalete el\u00e9trico Bovenau<span class=\"Apple-converted-space\">\u00a0<\/span><\/b><\/h2>\n<p>O transpalete el\u00e9trico tem como fun\u00e7\u00e3o promover a carga e descarga de materiais em uma organiza\u00e7\u00e3o em paletes, para organizar o transporte interno. O equipamento funciona \u00e0 base de bateria, com armazenamento de energia el\u00e9trica. Por dispensar o uso de um motor de combust\u00e3o, o transpalete el\u00e9trico \u00e9 pequeno, leve, f\u00e1cil de manobrar, e pode entrar e se movimentar nos mais apertados locais como, mercados, distribuidoras de bebidas, elevadores, pequenos armaz\u00e9ns, entre outros, desde que o piso ofere\u00e7a condi\u00e7\u00f5es para o trabalho.<span class=\"Apple-converted-space\">\u00a0<\/span><\/p>\n<p><a href=\"https:\/\/conteudo.bovenau.com.br\/ebook-bovenau\"><img loading=\"lazy\" loading=\"lazy\" decoding=\"async\" class=\"alignnone wp-image-400 size-full\" src=\"https:\/\/www.bovenau.com.br\/blog\/wp-content\/uploads\/2020\/10\/barra-blog3.png\" alt=\"\" width=\"1500\" height=\"212\" srcset=\"https:\/\/www.bovenau.com.br\/blog\/wp-content\/uploads\/2020\/10\/barra-blog3.png 1500w, https:\/\/www.bovenau.com.br\/blog\/wp-content\/uploads\/2020\/10\/barra-blog3-480x270.png.jpg 480w\" sizes=\"(min-width: 0px) and (max-width: 480px) 480px, (min-width: 481px) 1500px, 100vw\" \/><\/a><\/p>\n<p>Este equipamento tamb\u00e9m possui a tecnologia <i>Softstart, <\/i>que proporciona uma partida suave, sem trancos ou arranques r\u00e1pidos, trazendo maior seguran\u00e7a ao operador e menor risco de desequil\u00edbrio da carga, principalmente com cargas fr\u00e1geis.<span class=\"Apple-converted-space\">\u00a0<\/span><\/p>\n<p>Al\u00e9m disso, nosso transpalete el\u00e9trico possui:<span class=\"Apple-converted-space\">\u00a0<\/span><\/p>\n<ul>\n<li>\u2022 Sistema de rodas duplas no garfo, proporcionando maior estabilidade da carga em pisos irregulares, al\u00e9m de serem fabricadas em PU, conferindo maior durabilidade e menor ru\u00eddo.<span class=\"Apple-converted-space\">\u00a0<\/span><\/li>\n<li>\u2022 Possui grande capacidade de armazenagem de carga.<span class=\"Apple-converted-space\">\u00a0<\/span><\/li>\n<li>\u2022 Possui bateria de \u00edons de l\u00edtio. Por ser de f\u00e1cil acesso, a troca da bateria \u00e9 realizada rapidamente e ainda sem a necessidade de nenhuma ferramenta.<span class=\"Apple-converted-space\">\u00a0<\/span><\/li>\n<li>\u2022 Acionamento extremamente confort\u00e1vel estilo borboleta pelo polegar. Por ser multifun\u00e7\u00e3o, oferece f\u00e1cil e r\u00e1pido acesso aos comandos do equipamento, como: frente e reverso, alavanca para baixar \/ elevar a carga, buzina e chave liga-desliga, al\u00e9m do bot\u00e3o de emerg\u00eancia com sistema antiesmagamento de retorno r\u00e1pido<span class=\"Apple-converted-space\">\u00a0<\/span><\/li>\n<li>\u2022 Motor sem escovas (Brushless), proporcionando elevada efici\u00eancia e praticamente livre de manuten\u00e7\u00f5es.<span class=\"Apple-converted-space\">\u00a0<\/span><\/li>\n<\/ul>\n<p><b><span class=\"Apple-converted-space\"><img loading=\"lazy\" loading=\"lazy\" decoding=\"async\" class=\"alignnone wp-image-406 size-full\" src=\"https:\/\/www.bovenau.com.br\/blog\/wp-content\/uploads\/2020\/11\/transpaletes-eletrico-1080x474-1.png\" alt=\"Transpaletes el\u00e9tricos\" width=\"1080\" height=\"474\" srcset=\"https:\/\/www.bovenau.com.br\/blog\/wp-content\/uploads\/2020\/11\/transpaletes-eletrico-1080x474-1.png 1080w, https:\/\/www.bovenau.com.br\/blog\/wp-content\/uploads\/2020\/11\/transpaletes-eletrico-1080x474-1-480x270.png.jpg 480w\" sizes=\"(min-width: 0px) and (max-width: 480px) 480px, (min-width: 481px) 1080px, 100vw\" \/>\u00a0<\/span><\/b><\/p>\n<h2><b>Seguran\u00e7a nas opera\u00e7\u00f5es<span class=\"Apple-converted-space\">\u00a0<\/span><\/b><\/h2>\n<p>\u00c9 importante ressaltar que assim como qualquer outro tipo de ferramenta, os equipamentos el\u00e9tricos Bovenau devem ser operados por profissionais capacitados e treinados, de acordo com a NR 11, que regulamenta o transporte, a movimenta\u00e7\u00e3o,<span class=\"Apple-converted-space\">\u00a0<\/span><\/p>\n<p>a armazenagem e o manuseio de empilhadeiras, guindastes e outras m\u00e1quinas de transporte de carga.<span class=\"Apple-converted-space\">\u00a0<\/span><\/p>\n<p>Quer saber mais sobre nossa a nova linha el\u00e9trica Bovenau? <a href=\"https:\/\/www.bovenau.com.br\/linha-eletrica\/\">Clique aqui!<\/a><\/p>\n<p><a href=\"https:\/\/conteudo.bovenau.com.br\/catalogo-bovenau?fbclid=IwAR0usxg5qLB0bS3heds4ioPBj5Dky7rYnsiKUks8yVXW9CdrtKdc0jGoBF4\"><img fetchpriority=\"high\" fetchpriority=\"high\" decoding=\"async\" class=\"alignnone wp-image-399 size-full\" src=\"https:\/\/www.bovenau.com.br\/blog\/wp-content\/uploads\/2020\/10\/barra-blog2-copia.jpg\" alt=\"\" width=\"723\" height=\"102\" srcset=\"https:\/\/www.bovenau.com.br\/blog\/wp-content\/uploads\/2020\/10\/barra-blog2-copia.jpg 723w, https:\/\/www.bovenau.com.br\/blog\/wp-content\/uploads\/2020\/10\/barra-blog2-copia-480x270.jpg 480w\" sizes=\"(min-width: 0px) and (max-width: 480px) 480px, (min-width: 481px) 723px, 100vw\" \/><\/a><\/p>\n","protected":false},"excerpt":{"rendered":"<p>\u00a0Linha el\u00e9trica:\u00a0A Bovenau est\u00e1 sempre inovando e buscando trazer novidades para tornar a vida do nosso consumidor final muito mais pr\u00e1tica e funcional.\u00a0 Apesar de todos os desafios que 2020 nos trouxe, temos o prazer de apresentar nossa nova linha de produtos: a Linha El\u00e9trica Bovenau. Vamos conhecer?\u00a0 Empilhadeira el\u00e9trica Bovenau\u00a0 Gestores da \u00e1rea de [&hellip;]<\/p>\n","protected":false},"author":1,"featured_media":403,"comment_status":"open","ping_status":"open","sticky":false,"template":"","format":"standard","meta":{"_et_pb_use_builder":"","_et_pb_old_content":"","_et_gb_content_width":"","footnotes":""},"categories":[24],"tags":[],"class_list":["post-402","post","type-post","status-publish","format-standard","has-post-thumbnail","hentry","category-linha-eletrica"],"yoast_head":"<title>Lan\u00e7amento: Linha el\u00e9trica Bovenau - Bovenau<\/title>\n<meta name=\"description\" content=\"Linha el\u00e9trica: \u00a0A Bovenau est\u00e1 sempre inovando e buscando trazer novidades para tornar a vida do nosso consumidor mais pr\u00e1tica e funcional.\u00a0\" \/>\n<meta name=\"robots\" content=\"index, follow, max-snippet:-1, max-image-preview:large, max-video-preview:-1\" \/>\n<link rel=\"canonical\" href=\"https:\/\/www.bovenau.com.br\/blog\/lancamento-linha-eletrica-bovenau\/\" \/>\n<meta property=\"og:locale\" content=\"pt_BR\" \/>\n<meta property=\"og:type\" content=\"article\" \/>\n<meta property=\"og:title\" content=\"Lan\u00e7amento: Linha el\u00e9trica Bovenau - Bovenau\" \/>\n<meta property=\"og:description\" content=\"Linha el\u00e9trica: \u00a0A Bovenau est\u00e1 sempre inovando e buscando trazer novidades para tornar a vida do nosso consumidor mais pr\u00e1tica e funcional.\u00a0\" \/>\n<meta property=\"og:url\" content=\"https:\/\/www.bovenau.com.br\/blog\/lancamento-linha-eletrica-bovenau\/\" \/>\n<meta property=\"og:site_name\" content=\"Bovenau\" \/>\n<meta property=\"article:publisher\" content=\"https:\/\/www.facebook.com\/MetalTecnicaBovenau\/\" \/>\n<meta property=\"article:published_time\" content=\"2020-11-23T16:56:11+00:00\" \/>\n<meta property=\"article:modified_time\" content=\"2020-11-24T16:53:22+00:00\" \/>\n<meta property=\"og:image\" content=\"https:\/\/www.bovenau.com.br\/blog\/wp-content\/uploads\/2020\/11\/lancamento-linha-eletrica-bovenau-1080x630-1.png\" \/>\n\t<meta property=\"og:image:width\" content=\"1080\" \/>\n\t<meta property=\"og:image:height\" content=\"630\" \/>\n\t<meta property=\"og:image:type\" content=\"image\/png\" \/>\n<meta name=\"author\" content=\"bovenau-blog\" \/>\n<meta name=\"twitter:card\" content=\"summary_large_image\" \/>\n<meta name=\"twitter:label1\" content=\"Escrito por\" \/>\n\t<meta name=\"twitter:data1\" content=\"bovenau-blog\" \/>\n\t<meta name=\"twitter:label2\" content=\"Est. tempo de leitura\" \/>\n\t<meta name=\"twitter:data2\" content=\"4 minutos\" \/>\n<script type=\"application\/ld+json\" class=\"yoast-schema-graph\">{\"@context\":\"https:\/\/schema.org\",\"@graph\":[{\"@type\":\"Article\",\"@id\":\"https:\/\/www.bovenau.com.br\/blog\/lancamento-linha-eletrica-bovenau\/#article\",\"isPartOf\":{\"@id\":\"https:\/\/www.bovenau.com.br\/blog\/lancamento-linha-eletrica-bovenau\/\"},\"author\":{\"name\":\"bovenau-blog\",\"@id\":\"https:\/\/www.bovenau.com.br\/blog\/#\/schema\/person\/29f92f329cc3cab61dda85bb23f79423\"},\"headline\":\"Lan\u00e7amento: Linha el\u00e9trica Bovenau\",\"datePublished\":\"2020-11-23T16:56:11+00:00\",\"dateModified\":\"2020-11-24T16:53:22+00:00\",\"mainEntityOfPage\":{\"@id\":\"https:\/\/www.bovenau.com.br\/blog\/lancamento-linha-eletrica-bovenau\/\"},\"wordCount\":822,\"commentCount\":0,\"publisher\":{\"@id\":\"https:\/\/www.bovenau.com.br\/blog\/#organization\"},\"image\":{\"@id\":\"https:\/\/www.bovenau.com.br\/blog\/lancamento-linha-eletrica-bovenau\/#primaryimage\"},\"thumbnailUrl\":\"https:\/\/www.bovenau.com.br\/blog\/wp-content\/uploads\/2020\/11\/lancamento-linha-eletrica-bovenau-1080x630-1.png\",\"articleSection\":[\"Linha el\u00e9trica\"],\"inLanguage\":\"pt-BR\",\"potentialAction\":[{\"@type\":\"CommentAction\",\"name\":\"Comment\",\"target\":[\"https:\/\/www.bovenau.com.br\/blog\/lancamento-linha-eletrica-bovenau\/#respond\"]}]},{\"@type\":\"WebPage\",\"@id\":\"https:\/\/www.bovenau.com.br\/blog\/lancamento-linha-eletrica-bovenau\/\",\"url\":\"https:\/\/www.bovenau.com.br\/blog\/lancamento-linha-eletrica-bovenau\/\",\"name\":\"Lan\u00e7amento: Linha el\u00e9trica Bovenau - Bovenau\",\"isPartOf\":{\"@id\":\"https:\/\/www.bovenau.com.br\/blog\/#website\"},\"primaryImageOfPage\":{\"@id\":\"https:\/\/www.bovenau.com.br\/blog\/lancamento-linha-eletrica-bovenau\/#primaryimage\"},\"image\":{\"@id\":\"https:\/\/www.bovenau.com.br\/blog\/lancamento-linha-eletrica-bovenau\/#primaryimage\"},\"thumbnailUrl\":\"https:\/\/www.bovenau.com.br\/blog\/wp-content\/uploads\/2020\/11\/lancamento-linha-eletrica-bovenau-1080x630-1.png\",\"datePublished\":\"2020-11-23T16:56:11+00:00\",\"dateModified\":\"2020-11-24T16:53:22+00:00\",\"description\":\"Linha el\u00e9trica: \u00a0A Bovenau est\u00e1 sempre inovando e buscando trazer novidades para tornar a vida do nosso consumidor mais pr\u00e1tica e funcional.\u00a0\",\"breadcrumb\":{\"@id\":\"https:\/\/www.bovenau.com.br\/blog\/lancamento-linha-eletrica-bovenau\/#breadcrumb\"},\"inLanguage\":\"pt-BR\",\"potentialAction\":[{\"@type\":\"ReadAction\",\"target\":[\"https:\/\/www.bovenau.com.br\/blog\/lancamento-linha-eletrica-bovenau\/\"]}]},{\"@type\":\"ImageObject\",\"inLanguage\":\"pt-BR\",\"@id\":\"https:\/\/www.bovenau.com.br\/blog\/lancamento-linha-eletrica-bovenau\/#primaryimage\",\"url\":\"https:\/\/www.bovenau.com.br\/blog\/wp-content\/uploads\/2020\/11\/lancamento-linha-eletrica-bovenau-1080x630-1.png\",\"contentUrl\":\"https:\/\/www.bovenau.com.br\/blog\/wp-content\/uploads\/2020\/11\/lancamento-linha-eletrica-bovenau-1080x630-1.png\",\"width\":1080,\"height\":630},{\"@type\":\"BreadcrumbList\",\"@id\":\"https:\/\/www.bovenau.com.br\/blog\/lancamento-linha-eletrica-bovenau\/#breadcrumb\",\"itemListElement\":[{\"@type\":\"ListItem\",\"position\":1,\"name\":\"In\u00edcio\",\"item\":\"https:\/\/www.bovenau.com.br\/blog\/\"},{\"@type\":\"ListItem\",\"position\":2,\"name\":\"Lan\u00e7amento: Linha el\u00e9trica Bovenau\"}]},{\"@type\":\"WebSite\",\"@id\":\"https:\/\/www.bovenau.com.br\/blog\/#website\",\"url\":\"https:\/\/www.bovenau.com.br\/blog\/\",\"name\":\"Bovenau\",\"description\":\"Blog\",\"publisher\":{\"@id\":\"https:\/\/www.bovenau.com.br\/blog\/#organization\"},\"potentialAction\":[{\"@type\":\"SearchAction\",\"target\":{\"@type\":\"EntryPoint\",\"urlTemplate\":\"https:\/\/www.bovenau.com.br\/blog\/?s={search_term_string}\"},\"query-input\":{\"@type\":\"PropertyValueSpecification\",\"valueRequired\":true,\"valueName\":\"search_term_string\"}}],\"inLanguage\":\"pt-BR\"},{\"@type\":\"Organization\",\"@id\":\"https:\/\/www.bovenau.com.br\/blog\/#organization\",\"name\":\"Bovenau\",\"url\":\"https:\/\/www.bovenau.com.br\/blog\/\",\"logo\":{\"@type\":\"ImageObject\",\"inLanguage\":\"pt-BR\",\"@id\":\"https:\/\/www.bovenau.com.br\/blog\/#\/schema\/logo\/image\/\",\"url\":\"https:\/\/www.bovenau.com.br\/blog\/wp-content\/uploads\/2019\/04\/logo1.png\",\"contentUrl\":\"https:\/\/www.bovenau.com.br\/blog\/wp-content\/uploads\/2019\/04\/logo1.png\",\"width\":200,\"height\":62,\"caption\":\"Bovenau\"},\"image\":{\"@id\":\"https:\/\/www.bovenau.com.br\/blog\/#\/schema\/logo\/image\/\"},\"sameAs\":[\"https:\/\/www.facebook.com\/MetalTecnicaBovenau\/\"]},{\"@type\":\"Person\",\"@id\":\"https:\/\/www.bovenau.com.br\/blog\/#\/schema\/person\/29f92f329cc3cab61dda85bb23f79423\",\"name\":\"bovenau-blog\"}]}<\/script>","yoast_head_json":{"title":"Lan\u00e7amento: Linha el\u00e9trica Bovenau - Bovenau","description":"Linha el\u00e9trica: \u00a0A Bovenau est\u00e1 sempre inovando e buscando trazer novidades para tornar a vida do nosso consumidor mais pr\u00e1tica e funcional.\u00a0","robots":{"index":"index","follow":"follow","max-snippet":"max-snippet:-1","max-image-preview":"max-image-preview:large","max-video-preview":"max-video-preview:-1"},"canonical":"https:\/\/www.bovenau.com.br\/blog\/lancamento-linha-eletrica-bovenau\/","og_locale":"pt_BR","og_type":"article","og_title":"Lan\u00e7amento: Linha el\u00e9trica Bovenau - Bovenau","og_description":"Linha el\u00e9trica: \u00a0A Bovenau est\u00e1 sempre inovando e buscando trazer novidades para tornar a vida do nosso consumidor mais pr\u00e1tica e funcional.\u00a0","og_url":"https:\/\/www.bovenau.com.br\/blog\/lancamento-linha-eletrica-bovenau\/","og_site_name":"Bovenau","article_publisher":"https:\/\/www.facebook.com\/MetalTecnicaBovenau\/","article_published_time":"2020-11-23T16:56:11+00:00","article_modified_time":"2020-11-24T16:53:22+00:00","og_image":[{"width":1080,"height":630,"url":"https:\/\/www.bovenau.com.br\/blog\/wp-content\/uploads\/2020\/11\/lancamento-linha-eletrica-bovenau-1080x630-1.png","type":"image\/png"}],"author":"bovenau-blog","twitter_card":"summary_large_image","twitter_misc":{"Escrito por":"bovenau-blog","Est. tempo de leitura":"4 minutos"},"schema":{"@context":"https:\/\/schema.org","@graph":[{"@type":"Article","@id":"https:\/\/www.bovenau.com.br\/blog\/lancamento-linha-eletrica-bovenau\/#article","isPartOf":{"@id":"https:\/\/www.bovenau.com.br\/blog\/lancamento-linha-eletrica-bovenau\/"},"author":{"name":"bovenau-blog","@id":"https:\/\/www.bovenau.com.br\/blog\/#\/schema\/person\/29f92f329cc3cab61dda85bb23f79423"},"headline":"Lan\u00e7amento: Linha el\u00e9trica Bovenau","datePublished":"2020-11-23T16:56:11+00:00","dateModified":"2020-11-24T16:53:22+00:00","mainEntityOfPage":{"@id":"https:\/\/www.bovenau.com.br\/blog\/lancamento-linha-eletrica-bovenau\/"},"wordCount":822,"commentCount":0,"publisher":{"@id":"https:\/\/www.bovenau.com.br\/blog\/#organization"},"image":{"@id":"https:\/\/www.bovenau.com.br\/blog\/lancamento-linha-eletrica-bovenau\/#primaryimage"},"thumbnailUrl":"https:\/\/www.bovenau.com.br\/blog\/wp-content\/uploads\/2020\/11\/lancamento-linha-eletrica-bovenau-1080x630-1.png","articleSection":["Linha el\u00e9trica"],"inLanguage":"pt-BR","potentialAction":[{"@type":"CommentAction","name":"Comment","target":["https:\/\/www.bovenau.com.br\/blog\/lancamento-linha-eletrica-bovenau\/#respond"]}]},{"@type":"WebPage","@id":"https:\/\/www.bovenau.com.br\/blog\/lancamento-linha-eletrica-bovenau\/","url":"https:\/\/www.bovenau.com.br\/blog\/lancamento-linha-eletrica-bovenau\/","name":"Lan\u00e7amento: Linha el\u00e9trica Bovenau - Bovenau","isPartOf":{"@id":"https:\/\/www.bovenau.com.br\/blog\/#website"},"primaryImageOfPage":{"@id":"https:\/\/www.bovenau.com.br\/blog\/lancamento-linha-eletrica-bovenau\/#primaryimage"},"image":{"@id":"https:\/\/www.bovenau.com.br\/blog\/lancamento-linha-eletrica-bovenau\/#primaryimage"},"thumbnailUrl":"https:\/\/www.bovenau.com.br\/blog\/wp-content\/uploads\/2020\/11\/lancamento-linha-eletrica-bovenau-1080x630-1.png","datePublished":"2020-11-23T16:56:11+00:00","dateModified":"2020-11-24T16:53:22+00:00","description":"Linha el\u00e9trica: \u00a0A Bovenau est\u00e1 sempre inovando e buscando trazer novidades para tornar a vida do nosso consumidor mais pr\u00e1tica e funcional.\u00a0","breadcrumb":{"@id":"https:\/\/www.bovenau.com.br\/blog\/lancamento-linha-eletrica-bovenau\/#breadcrumb"},"inLanguage":"pt-BR","potentialAction":[{"@type":"ReadAction","target":["https:\/\/www.bovenau.com.br\/blog\/lancamento-linha-eletrica-bovenau\/"]}]},{"@type":"ImageObject","inLanguage":"pt-BR","@id":"https:\/\/www.bovenau.com.br\/blog\/lancamento-linha-eletrica-bovenau\/#primaryimage","url":"https:\/\/www.bovenau.com.br\/blog\/wp-content\/uploads\/2020\/11\/lancamento-linha-eletrica-bovenau-1080x630-1.png","contentUrl":"https:\/\/www.bovenau.com.br\/blog\/wp-content\/uploads\/2020\/11\/lancamento-linha-eletrica-bovenau-1080x630-1.png","width":1080,"height":630},{"@type":"BreadcrumbList","@id":"https:\/\/www.bovenau.com.br\/blog\/lancamento-linha-eletrica-bovenau\/#breadcrumb","itemListElement":[{"@type":"ListItem","position":1,"name":"In\u00edcio","item":"https:\/\/www.bovenau.com.br\/blog\/"},{"@type":"ListItem","position":2,"name":"Lan\u00e7amento: Linha el\u00e9trica Bovenau"}]},{"@type":"WebSite","@id":"https:\/\/www.bovenau.com.br\/blog\/#website","url":"https:\/\/www.bovenau.com.br\/blog\/","name":"Bovenau","description":"Blog","publisher":{"@id":"https:\/\/www.bovenau.com.br\/blog\/#organization"},"potentialAction":[{"@type":"SearchAction","target":{"@type":"EntryPoint","urlTemplate":"https:\/\/www.bovenau.com.br\/blog\/?s={search_term_string}"},"query-input":{"@type":"PropertyValueSpecification","valueRequired":true,"valueName":"search_term_string"}}],"inLanguage":"pt-BR"},{"@type":"Organization","@id":"https:\/\/www.bovenau.com.br\/blog\/#organization","name":"Bovenau","url":"https:\/\/www.bovenau.com.br\/blog\/","logo":{"@type":"ImageObject","inLanguage":"pt-BR","@id":"https:\/\/www.bovenau.com.br\/blog\/#\/schema\/logo\/image\/","url":"https:\/\/www.bovenau.com.br\/blog\/wp-content\/uploads\/2019\/04\/logo1.png","contentUrl":"https:\/\/www.bovenau.com.br\/blog\/wp-content\/uploads\/2019\/04\/logo1.png","width":200,"height":62,"caption":"Bovenau"},"image":{"@id":"https:\/\/www.bovenau.com.br\/blog\/#\/schema\/logo\/image\/"},"sameAs":["https:\/\/www.facebook.com\/MetalTecnicaBovenau\/"]},{"@type":"Person","@id":"https:\/\/www.bovenau.com.br\/blog\/#\/schema\/person\/29f92f329cc3cab61dda85bb23f79423","name":"bovenau-blog"}]}},"_links":{"self":[{"href":"https:\/\/www.bovenau.com.br\/blog\/wp-json\/wp\/v2\/posts\/402","targetHints":{"allow":["GET"]}}],"collection":[{"href":"https:\/\/www.bovenau.com.br\/blog\/wp-json\/wp\/v2\/posts"}],"about":[{"href":"https:\/\/www.bovenau.com.br\/blog\/wp-json\/wp\/v2\/types\/post"}],"author":[{"embeddable":true,"href":"https:\/\/www.bovenau.com.br\/blog\/wp-json\/wp\/v2\/users\/1"}],"replies":[{"embeddable":true,"href":"https:\/\/www.bovenau.com.br\/blog\/wp-json\/wp\/v2\/comments?post=402"}],"version-history":[{"count":0,"href":"https:\/\/www.bovenau.com.br\/blog\/wp-json\/wp\/v2\/posts\/402\/revisions"}],"wp:featuredmedia":[{"embeddable":true,"href":"https:\/\/www.bovenau.com.br\/blog\/wp-json\/wp\/v2\/media\/403"}],"wp:attachment":[{"href":"https:\/\/www.bovenau.com.br\/blog\/wp-json\/wp\/v2\/media?parent=402"}],"wp:term":[{"taxonomy":"category","embeddable":true,"href":"https:\/\/www.bovenau.com.br\/blog\/wp-json\/wp\/v2\/categories?post=402"},{"taxonomy":"post_tag","embeddable":true,"href":"https:\/\/www.bovenau.com.br\/blog\/wp-json\/wp\/v2\/tags?post=402"}],"curies":[{"name":"wp","href":"https:\/\/api.w.org\/{rel}","templated":true}]}}